{"id":10919,"date":"2025-11-21T12:58:59","date_gmt":"2025-11-21T09:58:59","guid":{"rendered":"https:\/\/clinista.com\/?p=10919"},"modified":"2025-12-25T13:57:38","modified_gmt":"2025-12-25T10:57:38","slug":"sac-kurleri-ozel-sampuanlar-ve-rutinlerle-sac-dokulmesini-onlemek-mumkun-mu","status":"publish","type":"post","link":"https:\/\/clinista.com\/tr\/sac-kurleri-ozel-sampuanlar-ve-rutinlerle-sac-dokulmesini-onlemek-mumkun-mu\/","title":{"rendered":"Sa\u00e7 K\u00fcrleri, \u00d6zel \u015eampuanlar ve Rutinlerle Sa\u00e7 D\u00f6k\u00fclmesini \u00d6nlemek M\u00fcmk\u00fcn m\u00fc?"},"content":{"rendered":"<h1><span class=\"ez-toc-section\" id=\"Sac_Kurleri_Ozel_Sampuanlar_ve_Rutinlerle_Sac_Dokulmesini_Onlemek_Mumkun_mu\"><\/span>Sa\u00e7 K\u00fcrleri, \u00d6zel \u015eampuanlar ve Rutinlerle Sa\u00e7 D\u00f6k\u00fclmesini \u00d6nlemek M\u00fcmk\u00fcn m\u00fc?<span class=\"ez-toc-section-end\"><\/span><\/h1>\n<p>Sa\u00e7 d\u00f6k\u00fclmesi, hem erkekler hem de kad\u0131nlar i\u00e7in \u00f6nemli bir estetik ve sa\u011fl\u0131k sorunudur. Piyasada, sa\u00e7 d\u00f6k\u00fclmesini engelledi\u011fi iddia edilen bir\u00e7ok <strong data-start=\"346\" data-end=\"388\">sa\u00e7 k\u00fcr\u00fc, \u00f6zel \u015fampuan ve bak\u0131m rutini<\/strong> bulunuyor. Peki bunlar ger\u00e7ekten i\u015fe yar\u0131yor mu, yoksa sadece efsane mi?<\/p>\n<p data-start=\"468\" data-end=\"784\">Sa\u00e7 d\u00f6k\u00fclmesi hem erkeklerde hem kad\u0131nlarda s\u0131k g\u00f6r\u00fclen bir durumdur. Pazarda bir\u00e7ok \u00fcr\u00fcn ve uygulama olsa da, <strong data-start=\"579\" data-end=\"678\">sa\u00e7 d\u00f6k\u00fclmesini \u00f6nlemede etkili olan y\u00f6ntemler bilimsel olarak kan\u0131tlanm\u0131\u015f medikal tedavilerdir<\/strong>. Yanl\u0131\u015f uygulamalar veya ge\u00e7 kal\u0131nm\u0131\u015f m\u00fcdahaleler, sa\u00e7 kayb\u0131n\u0131 art\u0131rabilir ve tedaviyi zorla\u015ft\u0131rabilir.<\/p>\n<h2 data-start=\"791\" data-end=\"832\"><span class=\"ez-toc-section\" id=\"Sac_Dokulmesinin_Bilimsel_Temeli\"><\/span><strong data-start=\"794\" data-end=\"830\">Sa\u00e7 D\u00f6k\u00fclmesinin Bilimsel Temeli<\/strong><span class=\"ez-toc-section-end\"><\/span><\/h2>\n<ul data-start=\"833\" data-end=\"1130\">\n<li data-start=\"833\" data-end=\"917\">\n<p data-start=\"835\" data-end=\"917\"><strong data-start=\"835\" data-end=\"860\">Androgenetik alopesi:<\/strong> Erkek ve kad\u0131n tipi sa\u00e7 d\u00f6k\u00fclmesinin en yayg\u0131n nedeni.<\/p>\n<\/li>\n<li data-start=\"918\" data-end=\"1034\">\n<p data-start=\"920\" data-end=\"1034\"><strong data-start=\"920\" data-end=\"948\">DHT (diidrotestosteron):<\/strong> Testosterondan t\u00fcretilen bu hormon, sa\u00e7 folik\u00fcllerinin miniaturizasyonuna yol a\u00e7ar.<\/p>\n<\/li>\n<li data-start=\"1035\" data-end=\"1130\">\n<p data-start=\"1037\" data-end=\"1130\"><strong data-start=\"1037\" data-end=\"1059\">Genetik fakt\u00f6rler:<\/strong> Sa\u00e7 d\u00f6k\u00fclmesi riski, hem anne hem babadan gelen genlerle belirlenir.<\/p>\n<\/li>\n<\/ul>\n<blockquote data-start=\"1132\" data-end=\"1281\">\n<p data-start=\"1134\" data-end=\"1281\">Bu nedenle, sa\u00e7 d\u00f6k\u00fclmesini \u00f6nlemek i\u00e7in etkili y\u00f6ntemler hormon seviyelerini dengeleyen ve folik\u00fcl sa\u011fl\u0131\u011f\u0131n\u0131 destekleyen medikal uygulamalard\u0131r.<\/p>\n<\/blockquote>\n<h2 data-start=\"1288\" data-end=\"1328\"><span class=\"ez-toc-section\" id=\"Bilimsel_ve_Medikal_Mudahaleler\"><\/span><strong data-start=\"1291\" data-end=\"1326\">Bilimsel ve Medikal M\u00fcdahaleler<\/strong><span class=\"ez-toc-section-end\"><\/span><\/h2>\n<ol data-start=\"1329\" data-end=\"1753\">\n<li data-start=\"1329\" data-end=\"1427\">\n<p data-start=\"1332\" data-end=\"1427\"><strong data-start=\"1332\" data-end=\"1354\">Topikal Minoxidil:<\/strong> Folik\u00fcl aktivitesini art\u0131rarak sa\u00e7 yo\u011funlu\u011funu korumaya yard\u0131mc\u0131 olur.<\/p>\n<\/li>\n<li data-start=\"1428\" data-end=\"1529\">\n<p data-start=\"1431\" data-end=\"1529\"><strong data-start=\"1431\" data-end=\"1446\">Finasterid:<\/strong> 5-alfa-red\u00fcktaz inhibit\u00f6r\u00fc olarak DHT \u00fcretimini azalt\u0131r, sa\u00e7 kayb\u0131n\u0131 yava\u015flat\u0131r.<\/p>\n<\/li>\n<li data-start=\"1530\" data-end=\"1649\">\n<p data-start=\"1533\" data-end=\"1649\"><strong data-start=\"1533\" data-end=\"1573\">PRP (Platelet Rich Plasma) Tedavisi:<\/strong> Kendi kan\u0131n\u0131zdan elde edilen b\u00fcy\u00fcme fakt\u00f6rleriyle folik\u00fcller desteklenir.<\/p>\n<\/li>\n<li data-start=\"1650\" data-end=\"1753\">\n<p data-start=\"1653\" data-end=\"1753\"><strong data-start=\"1653\" data-end=\"1667\">Sa\u00e7 Ekimi:<\/strong> \u0130leri derecede sa\u00e7 kayb\u0131nda, kal\u0131c\u0131 ve do\u011fal sonu\u00e7 sa\u011flayan cerrahi bir se\u00e7enektir.<\/p>\n<\/li>\n<\/ol>\n<blockquote data-start=\"1755\" data-end=\"1842\">\n<p data-start=\"1757\" data-end=\"1842\">\u00d6nemli: <strong data-start=\"1765\" data-end=\"1840\">Hi\u00e7bir kozmetik \u00fcr\u00fcn veya rutin, sa\u00e7 folik\u00fcllerini yeniden olu\u015fturamaz.<\/strong><\/p>\n<\/blockquote>\n<h2 data-start=\"1849\" data-end=\"1887\"><span class=\"ez-toc-section\" id=\"Saglikli_Aliskanliklarin_Rolu\"><\/span><strong data-start=\"1852\" data-end=\"1885\">Sa\u011fl\u0131kl\u0131 Al\u0131\u015fkanl\u0131klar\u0131n Rol\u00fc<\/strong><span class=\"ez-toc-section-end\"><\/span><\/h2>\n<ul data-start=\"1888\" data-end=\"2071\">\n<li data-start=\"1888\" data-end=\"1966\">\n<p data-start=\"1890\" data-end=\"1966\">D\u00fczenli beslenme, yeterli uyku ve stres y\u00f6netimi, sa\u00e7 sa\u011fl\u0131\u011f\u0131n\u0131 destekler.<\/p>\n<\/li>\n<li data-start=\"1967\" data-end=\"2071\">\n<p data-start=\"1969\" data-end=\"2071\">Sa\u00e7 bak\u0131m\u0131, folik\u00fcl sa\u011fl\u0131\u011f\u0131 \u00fczerinde s\u0131n\u0131rl\u0131 bir etkiye sahiptir; medikal tedavilerin yerini tutmaz.<\/p>\n<\/li>\n<\/ul>\n<h2 data-start=\"2078\" data-end=\"2104\"><span class=\"ez-toc-section\" id=\"Sonuc_ve_Oneriler\"><\/span><strong data-start=\"2081\" data-end=\"2102\">Sonu\u00e7 ve \u00d6neriler<\/strong><span class=\"ez-toc-section-end\"><\/span><\/h2>\n<ul data-start=\"2105\" data-end=\"2401\">\n<li data-start=\"2105\" data-end=\"2201\">\n<p data-start=\"2107\" data-end=\"2201\">Sa\u00e7 d\u00f6k\u00fclmesini durdurmak ve mevcut sa\u00e7lar\u0131 korumak i\u00e7in <strong data-start=\"2164\" data-end=\"2198\">erken medikal m\u00fcdahale \u015fartt\u0131r<\/strong>.<\/p>\n<\/li>\n<li data-start=\"2202\" data-end=\"2321\">\n<p data-start=\"2204\" data-end=\"2321\">Kozmetik \u00fcr\u00fcnler ve bak\u0131m rutinleri yaln\u0131zca destekleyici niteliktedir; <strong data-start=\"2276\" data-end=\"2318\">sa\u00e7lar\u0131n yeniden \u00e7\u0131kmas\u0131n\u0131 sa\u011flamazlar<\/strong>.<\/p>\n<\/li>\n<li data-start=\"2322\" data-end=\"2401\">\n<p data-start=\"2324\" data-end=\"2401\">Yanl\u0131\u015f uygulamalar veya ge\u00e7 kal\u0131nm\u0131\u015f tedaviler sa\u00e7 kayb\u0131n\u0131 h\u0131zland\u0131rabilir.<\/p>\n<p>Sa\u00e7 d\u00f6k\u00fclmenizle ilgili bilimsel ve ki\u015fiye \u00f6zel tedavi plan\u0131 almak i\u00e7in <strong data-start=\"2514\" data-end=\"2551\">Clinista ile \u00fccretsiz dan\u0131\u015fmanl\u0131k<\/strong> hizmetimizden faydalanabilirsiniz. T\u00fcm sorular\u0131n\u0131z i\u00e7in bizlere WhatsApp hatt\u0131ndan ula\u015fabilirsiniz.<\/li>\n<\/ul>\n<h2 data-start=\"137\" data-end=\"166\"><span class=\"ez-toc-section\" id=\"Kaynaklar_References\"><\/span><strong data-start=\"140\" data-end=\"166\">Kaynaklar \/ References<\/strong><span class=\"ez-toc-section-end\"><\/span><\/h2>\n<ol data-start=\"168\" data-end=\"2031\">\n<li data-start=\"168\" data-end=\"376\">\n<p data-start=\"171\" data-end=\"376\">Gentile, P., et al. (2023). Randomized controlled trial comparing PRP and 5% topical minoxidil in androgenetic alopecia. <em data-start=\"292\" data-end=\"300\">PubMed<\/em>. <a class=\"decorated-link\" href=\"https:\/\/pubmed.ncbi.nlm.nih.gov\/37683060\/?utm_source=chatgpt.com\" target=\"_new\" rel=\"noopener nofollow\" data-start=\"302\" data-end=\"374\">Link<\/a><\/p>\n<\/li>\n<li data-start=\"378\" data-end=\"555\">\n<p data-start=\"381\" data-end=\"555\">Gupta, M., et al. (2023). Meta-analysis of PRP and minoxidil combination therapy for AGA. <em data-start=\"471\" data-end=\"479\">PubMed<\/em>. <a class=\"decorated-link\" href=\"https:\/\/pubmed.ncbi.nlm.nih.gov\/38789807\/?utm_source=chatgpt.com\" target=\"_new\" rel=\"noopener nofollow\" data-start=\"481\" data-end=\"553\">Link<\/a><\/p>\n<\/li>\n<li data-start=\"557\" data-end=\"806\">\n<p data-start=\"560\" data-end=\"806\">Kaya, T., &amp; Ert\u00fcrk, S. (2022). Finasteride as a 5-alpha-reductase inhibitor: Mechanisms and clinical efficacy. <em data-start=\"671\" data-end=\"715\">Journal of Dermatological Treatment Online<\/em>. <a class=\"decorated-link\" href=\"https:\/\/jddtonline.info\/index.php\/jddt\/article\/view\/3013?utm_source=chatgpt.com\" target=\"_new\" rel=\"noopener nofollow\" data-start=\"717\" data-end=\"804\">Link<\/a><\/p>\n<\/li>\n<li data-start=\"808\" data-end=\"1008\">\n<p data-start=\"811\" data-end=\"1008\">Liu, Y., et al. (2023). Network meta-analysis comparing finasteride, minoxidil, and combination therapy for AGA. <em data-start=\"924\" data-end=\"932\">PubMed<\/em>. <a class=\"decorated-link\" href=\"https:\/\/pubmed.ncbi.nlm.nih.gov\/40586152\/?utm_source=chatgpt.com\" target=\"_new\" rel=\"noopener nofollow\" data-start=\"934\" data-end=\"1006\">Link<\/a><\/p>\n<\/li>\n<li data-start=\"1010\" data-end=\"1200\">\n<p data-start=\"1013\" data-end=\"1200\">Kaufman, K. D., et al. (2003). Long-term efficacy and safety of finasteride in male pattern hair loss. <em data-start=\"1116\" data-end=\"1124\">PubMed<\/em>. <a class=\"decorated-link\" href=\"https:\/\/pubmed.ncbi.nlm.nih.gov\/12894990\/?utm_source=chatgpt.com\" target=\"_new\" rel=\"noopener nofollow\" data-start=\"1126\" data-end=\"1198\">Link<\/a><\/p>\n<\/li>\n<li data-start=\"1202\" data-end=\"1462\">\n<p data-start=\"1205\" data-end=\"1462\">Rajput, R., et al. (2017). Molecular biology of androgenetic alopecia: AR gene mutations and hormonal influences. <em data-start=\"1319\" data-end=\"1374\">International Journal of Molecular Biology &amp; Oncology<\/em>. <a class=\"decorated-link\" href=\"https:\/\/medcraveonline.com\/IJMBOA\/IJMBOA-05-00130.pdf?utm_source=chatgpt.com\" target=\"_new\" rel=\"noopener nofollow\" data-start=\"1376\" data-end=\"1460\">Link<\/a><\/p>\n<\/li>\n<li data-start=\"1464\" data-end=\"1648\">\n<p data-start=\"1467\" data-end=\"1648\">Y\u0131ld\u0131z, H., &amp; Altunay, I. (2020). Androgenetik alopesi: Klinik perspektifler. <em data-start=\"1545\" data-end=\"1556\">DergiPark<\/em>. <a class=\"decorated-link\" href=\"https:\/\/dergipark.org.tr\/en\/download\/article-file\/1500197?utm_source=chatgpt.com\" target=\"_new\" rel=\"noopener nofollow\" data-start=\"1558\" data-end=\"1646\">Link<\/a><\/p>\n<\/li>\n<li data-start=\"1650\" data-end=\"1840\">\n<p data-start=\"1653\" data-end=\"1840\">El Taieb, M., et al. (2023). Efficacy of oral vs topical minoxidil and PRP combination therapy in AGA. <em data-start=\"1756\" data-end=\"1764\">PubMed<\/em>. <a class=\"decorated-link\" href=\"https:\/\/pubmed.ncbi.nlm.nih.gov\/39954138\/?utm_source=chatgpt.com\" target=\"_new\" rel=\"noopener nofollow\" data-start=\"1766\" data-end=\"1838\">Link<\/a><\/p>\n<\/li>\n<li data-start=\"1842\" data-end=\"2031\">\n<p data-start=\"1845\" data-end=\"2031\">Mapar, M., et al. (2019). PRP vs topical minoxidil in female pattern hair loss: Pilot clinical trial. <em data-start=\"1947\" data-end=\"1955\">PubMed<\/em>. <a class=\"decorated-link\" href=\"https:\/\/pubmed.ncbi.nlm.nih.gov\/31574029\/?utm_source=chatgpt.com\" target=\"_new\" rel=\"noopener nofollow\" data-start=\"1957\" data-end=\"2029\">Link<\/a><\/p>\n<\/li>\n<\/ol>\n<div id=\"ez-toc-container\" class=\"ez-toc-v2_0_78 counter-flat ez-toc-counter ez-toc-grey ez-toc-container-direction\">\n<div class=\"ez-toc-title-container\">\n<p class=\"ez-toc-title\" style=\"cursor:inherit\">\u0130\u00e7indekiler (Contents)<\/p>\n<span class=\"ez-toc-title-toggle\"><a href=\"#\" class=\"ez-toc-pull-right ez-toc-btn ez-toc-btn-xs ez-toc-btn-default ez-toc-toggle\" aria-label=\"Toggle Table of Content\"><span class=\"ez-toc-js-icon-con\"><span class=\"\"><span class=\"eztoc-hide\" style=\"display:none;\">Toggle<\/span><span class=\"ez-toc-icon-toggle-span\"><svg style=\"fill: #000000;color:#000000\" xmlns=\"http:\/\/www.w3.org\/2000\/svg\" class=\"list-377408\" width=\"20px\" height=\"20px\" viewBox=\"0 0 24 24\" fill=\"none\"><path d=\"M6 6H4v2h2V6zm14 0H8v2h12V6zM4 11h2v2H4v-2zm16 0H8v2h12v-2zM4 16h2v2H4v-2zm16 0H8v2h12v-2z\" fill=\"currentColor\"><\/path><\/svg><svg style=\"fill: #000000;color:#000000\" class=\"arrow-unsorted-368013\" xmlns=\"http:\/\/www.w3.org\/2000\/svg\" width=\"10px\" height=\"10px\" viewBox=\"0 0 24 24\" version=\"1.2\" baseProfile=\"tiny\"><path d=\"M18.2 9.3l-6.2-6.3-6.2 6.3c-.2.2-.3.4-.3.7s.1.5.3.7c.2.2.4.3.7.3h11c.3 0 .5-.1.7-.3.2-.2.3-.5.3-.7s-.1-.5-.3-.7zM5.8 14.7l6.2 6.3 6.2-6.3c.2-.2.3-.5.3-.7s-.1-.5-.3-.7c-.2-.2-.4-.3-.7-.3h-11c-.3 0-.5.1-.7.3-.2.2-.3.5-.3.7s.1.5.3.7z\"\/><\/svg><\/span><\/span><\/span><\/a><\/span><\/div>\n<nav><ul class='ez-toc-list ez-toc-list-level-1 ' ><li class='ez-toc-page-1'><a class=\"ez-toc-link ez-toc-heading-1\" href=\"https:\/\/clinista.com\/tr\/sac-kurleri-ozel-sampuanlar-ve-rutinlerle-sac-dokulmesini-onlemek-mumkun-mu\/#Sac_Kurleri_Ozel_Sampuanlar_ve_Rutinlerle_Sac_Dokulmesini_Onlemek_Mumkun_mu\" >Sa\u00e7 K\u00fcrleri, \u00d6zel \u015eampuanlar ve Rutinlerle Sa\u00e7 D\u00f6k\u00fclmesini \u00d6nlemek M\u00fcmk\u00fcn m\u00fc?<\/a><\/li><li class='ez-toc-page-1'><a class=\"ez-toc-link ez-toc-heading-2\" href=\"https:\/\/clinista.com\/tr\/sac-kurleri-ozel-sampuanlar-ve-rutinlerle-sac-dokulmesini-onlemek-mumkun-mu\/#Sac_Dokulmesinin_Bilimsel_Temeli\" >Sa\u00e7 D\u00f6k\u00fclmesinin Bilimsel Temeli<\/a><\/li><li class='ez-toc-page-1'><a class=\"ez-toc-link ez-toc-heading-3\" href=\"https:\/\/clinista.com\/tr\/sac-kurleri-ozel-sampuanlar-ve-rutinlerle-sac-dokulmesini-onlemek-mumkun-mu\/#Bilimsel_ve_Medikal_Mudahaleler\" >Bilimsel ve Medikal M\u00fcdahaleler<\/a><\/li><li class='ez-toc-page-1'><a class=\"ez-toc-link ez-toc-heading-4\" href=\"https:\/\/clinista.com\/tr\/sac-kurleri-ozel-sampuanlar-ve-rutinlerle-sac-dokulmesini-onlemek-mumkun-mu\/#Saglikli_Aliskanliklarin_Rolu\" >Sa\u011fl\u0131kl\u0131 Al\u0131\u015fkanl\u0131klar\u0131n Rol\u00fc<\/a><\/li><li class='ez-toc-page-1'><a class=\"ez-toc-link ez-toc-heading-5\" href=\"https:\/\/clinista.com\/tr\/sac-kurleri-ozel-sampuanlar-ve-rutinlerle-sac-dokulmesini-onlemek-mumkun-mu\/#Sonuc_ve_Oneriler\" >Sonu\u00e7 ve \u00d6neriler<\/a><\/li><li class='ez-toc-page-1'><a class=\"ez-toc-link ez-toc-heading-6\" href=\"https:\/\/clinista.com\/tr\/sac-kurleri-ozel-sampuanlar-ve-rutinlerle-sac-dokulmesini-onlemek-mumkun-mu\/#Kaynaklar_References\" >Kaynaklar \/ References<\/a><\/li><\/ul><\/nav><\/div>\n","protected":false},"excerpt":{"rendered":"<p>Sa\u00e7 K\u00fcrleri, \u00d6zel \u015eampuanlar ve Rutinlerle Sa\u00e7 D\u00f6k\u00fclmesini \u00d6nlemek M\u00fcmk\u00fcn m\u00fc? Sa\u00e7 d\u00f6k\u00fclmesi, hem erkekler hem de kad\u0131nlar i\u00e7in \u00f6nemli bir estetik ve sa\u011fl\u0131k sorunudur. Piyasada, sa\u00e7 d\u00f6k\u00fclmesini engelledi\u011fi iddia edilen bir\u00e7ok sa\u00e7 k\u00fcr\u00fc, \u00f6zel \u015fampuan ve bak\u0131m rutini bulunuyor. Peki bunlar ger\u00e7ekten i\u015fe yar\u0131yor mu, yoksa sadece efsane mi? Sa\u00e7 d\u00f6k\u00fclmesi hem erkeklerde hem [&hellip;]<\/p>\n","protected":false},"author":1,"featured_media":2926,"comment_status":"closed","ping_status":"closed","sticky":false,"template":"","format":"standard","meta":{"_acf_changed":false,"footnotes":""},"categories":[220],"tags":[],"class_list":["post-10919","post","type-post","status-publish","format-standard","has-post-thumbnail","hentry","category-sac-sagligi-makaleleri"],"acf":[],"_links":{"self":[{"href":"https:\/\/clinista.com\/tr\/wp-json\/wp\/v2\/posts\/10919","targetHints":{"allow":["GET"]}}],"collection":[{"href":"https:\/\/clinista.com\/tr\/wp-json\/wp\/v2\/posts"}],"about":[{"href":"https:\/\/clinista.com\/tr\/wp-json\/wp\/v2\/types\/post"}],"author":[{"embeddable":true,"href":"https:\/\/clinista.com\/tr\/wp-json\/wp\/v2\/users\/1"}],"replies":[{"embeddable":true,"href":"https:\/\/clinista.com\/tr\/wp-json\/wp\/v2\/comments?post=10919"}],"version-history":[{"count":0,"href":"https:\/\/clinista.com\/tr\/wp-json\/wp\/v2\/posts\/10919\/revisions"}],"wp:featuredmedia":[{"embeddable":true,"href":"https:\/\/clinista.com\/tr\/wp-json\/wp\/v2\/media\/2926"}],"wp:attachment":[{"href":"https:\/\/clinista.com\/tr\/wp-json\/wp\/v2\/media?parent=10919"}],"wp:term":[{"taxonomy":"category","embeddable":true,"href":"https:\/\/clinista.com\/tr\/wp-json\/wp\/v2\/categories?post=10919"},{"taxonomy":"post_tag","embeddable":true,"href":"https:\/\/clinista.com\/tr\/wp-json\/wp\/v2\/tags?post=10919"}],"curies":[{"name":"wp","href":"https:\/\/api.w.org\/{rel}","templated":true}]}}