{"id":11401,"date":"2026-04-08T13:06:24","date_gmt":"2026-04-08T10:06:24","guid":{"rendered":"https:\/\/clinista.com\/?p=11401"},"modified":"2026-04-08T13:06:51","modified_gmt":"2026-04-08T10:06:51","slug":"sac-ekimi-sonrasi-sac-kesimi","status":"publish","type":"post","link":"https:\/\/clinista.com\/tr\/sac-ekimi-sonrasi-sac-kesimi\/","title":{"rendered":"Sa\u00e7 Ekimi Sonras\u0131 Sa\u00e7 Kesimi"},"content":{"rendered":"<h1><span class=\"ez-toc-section\" id=\"Sac_Ekimi_Sonrasi_Sac_Kesimi_Ne_Zaman_Yapilir_Makas_vs_Makine\"><\/span><b>Sa\u00e7 Ekimi Sonras\u0131 Sa\u00e7 Kesimi Ne Zaman Yap\u0131l\u0131r? (Makas vs Makine)<\/b><span class=\"ez-toc-section-end\"><\/span><\/h1>\n<p><span style=\"font-weight: 400;\">Sa\u00e7 ekim i\u015fleminden sonraki d\u00f6nemde hastalar\u0131n dikkat etmeleri gereken konulardan biri de ilk sa\u00e7 kesiminin zaman\u0131 ve bi\u00e7imidir. San\u0131ld\u0131\u011f\u0131ndan daha ciddi olan bu d\u00f6nemde y\u0131k\u0131c\u0131 sonu\u00e7larla kar\u015f\u0131la\u015fmamak ad\u0131na hastalar\u0131n bilin\u00e7lenmesi ve do\u011fru se\u00e7imler yapmalar\u0131 \u00f6nemlidir. Operasyon sonras\u0131 g\u00f6r\u00fcnt\u00fcn\u00fcn d\u00fczelmesi, sa\u00e7lar\u0131n daha d\u00fczenli g\u00f6r\u00fcnmesi ve sosyal hayata daha rahat d\u00f6n\u00fclebilmesi ad\u0131na hastalar ilk sa\u00e7 kesimleri konusunda sab\u0131rs\u0131z davranabilmektedir.\u00a0<\/span><\/p>\n<p><span style=\"font-weight: 400;\">\u00d6nemle vurgulamak gerekir ki <\/span><b>sa\u00e7 ekimi sonras\u0131ndaki ilk sa\u00e7 kesimi<\/b><span style=\"font-weight: 400;\">, normal bir sa\u00e7 kesiminden kesinlikle farkl\u0131d\u0131r. Yeni yerle\u015ftirilen greftler ve iyile\u015fme s\u00fcrecinde olan hassas bir kafa derisi, bu durumun temel gerek\u00e7esi olarak ele al\u0131nabilir. \u0130\u00e7eri\u011fimizde sa\u00e7 ekimi sonras\u0131 ilk sa\u00e7 kesiminin ne zaman ve ne \u015fekilde yap\u0131lmas\u0131 gerekti\u011fini aktarmaya \u00e7al\u0131\u015faca\u011f\u0131z.<\/span><\/p>\n<h2><span class=\"ez-toc-section\" id=\"Sac_Ekimi_Sonrasi_Ilk_Tiras_Ne_Zaman_Olmalidir\"><\/span><b>Sa\u00e7 Ekimi Sonras\u0131 \u0130lk T\u0131ra\u015f Ne Zaman Olmal\u0131d\u0131r?<\/b><span class=\"ez-toc-section-end\"><\/span><\/h2>\n<p><span style=\"font-weight: 400;\">Ekim sonraki zaman, k\u00f6klerin cilt dokusuna tamamen adapte olmas\u0131 belirli bir iyile\u015fme s\u00fcrecini zorunlu k\u0131lmaktad\u0131r. Bilindi\u011fi \u00fczere \u00f6zellikle ilk haftalarda greftlerin stabil hale gelmesi ve \u00e7evre dokuyla b\u00fct\u00fcnle\u015fmesi devam etmektedir. Bu kritik e\u015fikte yap\u0131lacak bir sa\u00e7 t\u0131ra\u015f\u0131 olduk\u00e7a risk te\u015fkil eder. Bilhassa makine ile yap\u0131lan t\u0131ra\u015flar\u0131n daha riskli oldu\u011funu ifade edebiliriz. Makine ile yap\u0131lan agresif temaslar, maalesef ekim b\u00f6lgesine ve don\u00f6r alana zarar vermektedir.\u00a0<\/span><\/p>\n<p><span style=\"font-weight: 400;\">\u0130yile\u015fme s\u00fcrecinin sa\u011fl\u0131kl\u0131 ve g\u00fcvenli olmas\u0131n\u0131n en \u00f6nemli halkalar\u0131ndan biri, <\/span><b>sa\u00e7 bak\u0131m\u0131 ve kesimi<\/b><span style=\"font-weight: 400;\"> konusunda benimsenecek do\u011fru yakla\u015f\u0131mlard\u0131r. Sa\u00e7 k\u00f6klerinin sa\u011fl\u0131kl\u0131 \u015fekilde tutunmas\u0131 a\u00e7\u0131s\u0131ndan ilk t\u0131ra\u015f zaman\u0131na ve t\u0131ra\u015f bi\u00e7iminize \u00f6zen g\u00f6stermelisiniz. Ekimden sonraki ilk haftalarda ekim alan\u0131nda kabuklanma, hafif k\u0131zar\u0131kl\u0131k ve hassasiyet g\u00f6r\u00fclebilir. Bu d\u00f6nemde sa\u00e7 t\u0131ra\u015f\u0131 yapmak tavsiye edilmemektedir. Uzmanlar\u0131n b\u00fcy\u00fck \u00e7o\u011funlu\u011fu, ekim b\u00f6lgesine yap\u0131lacak ilk m\u00fcdahale i\u00e7in en az 3\u20134 haftal\u0131k bir iyile\u015fme s\u00fcrecinin tamamlanmas\u0131n\u0131 tavsiye etmektedir. Bu s\u00fcre, greftlerin deri i\u00e7inde sabitlenmesi ve cilt y\u00fczeyinin kendini toparlamas\u0131 ad\u0131na makul olarak kabul g\u00f6r\u00fcl\u00fcr.<\/span><\/p>\n<p><b>Don\u00f6r b\u00f6lge<\/b><span style=\"font-weight: 400;\"> olarak ifade etti\u011fimiz b\u00f6lge (genellikle ense k\u0131sm\u0131) ise ekim alan\u0131na g\u00f6re daha h\u0131zl\u0131 iyile\u015fme g\u00f6sterir. Bu nedenle baz\u0131 durumlarda don\u00f6r b\u00f6lgedeki sa\u00e7lar\u0131n kesimi daha erken yap\u0131labilir. Sa\u00e7 kesimi konusunda verilen kararlar, hastan\u0131n estetik g\u00f6r\u00fcn\u00fcm\u00fcn\u00fc de do\u011frudan etkileyebilir. Dolay\u0131s\u0131yla sa\u00e7 ekiminin \u201cg\u00f6rsel\u201d a\u00e7\u0131dan ba\u015far\u0131ya ya da ba\u015far\u0131s\u0131zl\u0131\u011fa u\u011framas\u0131nda etkili olabilmektedir. \u0130\u015fte bu gerek\u00e7eyle t\u0131ra\u015f karar\u0131 almadan \u00f6nce klinikle ileti\u015fime ge\u00e7ip dan\u0131\u015fmanl\u0131k deste\u011fi almak \u00e7ok daha sa\u011flam bir ad\u0131md\u0131r.<\/span><\/p>\n<h2><span class=\"ez-toc-section\" id=\"Sac_Ekimi_Sonrasi_Makas_ve_Makine_Kullanimi\"><\/span><b>Sa\u00e7 Ekimi Sonras\u0131 Makas ve Makine Kullan\u0131m\u0131<\/b><span class=\"ez-toc-section-end\"><\/span><\/h2>\n<p><span style=\"font-weight: 400;\">Sa\u00e7 ekimi yapt\u0131ran insanlar\u0131n ilk t\u0131ra\u015flar\u0131nda tercih edecekleri kesim y\u00f6ntemi belirleyici noktalardan birisidir. Zira kabul edilece\u011fi gibi makas ve sa\u00e7 kesme makinesi farkl\u0131 temas \u015fekillerine sahiptir. Dolay\u0131s\u0131yla makas ya da makine, iyile\u015fme s\u00fcrecinin farkl\u0131 a\u015famalar\u0131nda tercih edilmelidir. Erken iyile\u015fme d\u00f6nemlerinde makine kullan\u0131m\u0131 sa\u00e7 k\u00f6klerine gereksiz bir bask\u0131 uygular. Bu durum da iyile\u015fme s\u00fcrecini geciktirebilmektedir.<\/span><\/p>\n<p><span style=\"font-weight: 400;\">Makas kullan\u0131m\u0131 genellikle sa\u00e7 ekimi sonras\u0131 erken d\u00f6nemde daha g\u00fcvenli kabul edilir. Bunun nedeni makas\u0131n sa\u00e7 telini keserken do\u011frudan sa\u00e7 k\u00f6k\u00fcne bask\u0131 uygulamamas\u0131d\u0131r. \u00d6zellikle ekimden sonraki ilk haftalar ge\u00e7tikten sonra, sa\u00e7lar uzamaya ba\u015flad\u0131\u011f\u0131nda sadece sa\u00e7 tellerini k\u0131saltmak amac\u0131yla makas kullan\u0131m\u0131 tercih edilebilir. Bu y\u00f6ntem, greftlere minimum temas sa\u011flad\u0131\u011f\u0131ndan risk daha d\u00fc\u015f\u00fckt\u00fcr.<\/span><\/p>\n<p><span style=\"font-weight: 400;\">\u00d6te yandan sa\u00e7 kesme makinesi, \u00e7ok daha geni\u015f y\u00fczeyle temas etti\u011fi ve titre\u015fim olu\u015fturdu\u011fu i\u00e7in agresif bir bask\u0131 yaratabilmektedir. Daha somut bir \u015fekilde ifade etmek gerekirse; bu tip makineler, bilindi\u011fi \u00fczere motorlu ve titre\u015fimli \u00e7al\u0131\u015f\u0131r. Bu titre\u015fim ve bas\u0131n\u00e7, ekim b\u00f6lgesindeki yeni greftlere \u00e7ok erken diyebilece\u011fimiz d\u00f6nemlerde uyguland\u0131\u011f\u0131nda greftlerde mikro travma olu\u015fabilir ya da tutulum oran\u0131 azalabilir.<\/span><\/p>\n<p><b><i>Yeni sa\u00e7lar\u0131n\u0131z\u0131n sa\u011fl\u0131kl\u0131 ve do\u011fal bir \u015fekilde uzamas\u0131n\u0131 istiyorsan\u0131z, t\u0131ra\u015f plan\u0131n\u0131z\u0131 mutlaka uzman kontrol\u00fcnde belirleyin. Detayl\u0131 rehberimiz ve ki\u015fiye \u00f6zel tavsiyeler i\u00e7in <\/i><\/b><a href=\"https:\/\/clinista.com\/tr\/hakkimizda\"><b><i>Clinista<\/i><\/b><\/a><b><i> ile <\/i><\/b><a href=\"https:\/\/clinista.com\/tr\/iletisim\/\"><b><i>ileti\u015fime<\/i><\/b><\/a><b><i> ge\u00e7ebilir, uzmanlar\u0131m\u0131zdan destek alabilirsiniz.<\/i><\/b><\/p>\n<div id=\"ez-toc-container\" class=\"ez-toc-v2_0_78 counter-flat ez-toc-counter ez-toc-grey ez-toc-container-direction\">\n<div class=\"ez-toc-title-container\">\n<p class=\"ez-toc-title\" style=\"cursor:inherit\">\u0130\u00e7indekiler (Contents)<\/p>\n<span class=\"ez-toc-title-toggle\"><a href=\"#\" class=\"ez-toc-pull-right ez-toc-btn ez-toc-btn-xs ez-toc-btn-default ez-toc-toggle\" aria-label=\"Toggle Table of Content\"><span class=\"ez-toc-js-icon-con\"><span class=\"\"><span class=\"eztoc-hide\" style=\"display:none;\">Toggle<\/span><span class=\"ez-toc-icon-toggle-span\"><svg style=\"fill: #000000;color:#000000\" xmlns=\"http:\/\/www.w3.org\/2000\/svg\" class=\"list-377408\" width=\"20px\" height=\"20px\" viewBox=\"0 0 24 24\" fill=\"none\"><path d=\"M6 6H4v2h2V6zm14 0H8v2h12V6zM4 11h2v2H4v-2zm16 0H8v2h12v-2zM4 16h2v2H4v-2zm16 0H8v2h12v-2z\" fill=\"currentColor\"><\/path><\/svg><svg style=\"fill: #000000;color:#000000\" class=\"arrow-unsorted-368013\" xmlns=\"http:\/\/www.w3.org\/2000\/svg\" width=\"10px\" height=\"10px\" viewBox=\"0 0 24 24\" version=\"1.2\" baseProfile=\"tiny\"><path d=\"M18.2 9.3l-6.2-6.3-6.2 6.3c-.2.2-.3.4-.3.7s.1.5.3.7c.2.2.4.3.7.3h11c.3 0 .5-.1.7-.3.2-.2.3-.5.3-.7s-.1-.5-.3-.7zM5.8 14.7l6.2 6.3 6.2-6.3c.2-.2.3-.5.3-.7s-.1-.5-.3-.7c-.2-.2-.4-.3-.7-.3h-11c-.3 0-.5.1-.7.3-.2.2-.3.5-.3.7s.1.5.3.7z\"\/><\/svg><\/span><\/span><\/span><\/a><\/span><\/div>\n<nav><ul class='ez-toc-list ez-toc-list-level-1 ' ><li class='ez-toc-page-1'><a class=\"ez-toc-link ez-toc-heading-1\" href=\"https:\/\/clinista.com\/tr\/sac-ekimi-sonrasi-sac-kesimi\/#Sac_Ekimi_Sonrasi_Sac_Kesimi_Ne_Zaman_Yapilir_Makas_vs_Makine\" >Sa\u00e7 Ekimi Sonras\u0131 Sa\u00e7 Kesimi Ne Zaman Yap\u0131l\u0131r? (Makas vs Makine)<\/a><\/li><li class='ez-toc-page-1'><a class=\"ez-toc-link ez-toc-heading-2\" href=\"https:\/\/clinista.com\/tr\/sac-ekimi-sonrasi-sac-kesimi\/#Sac_Ekimi_Sonrasi_Ilk_Tiras_Ne_Zaman_Olmalidir\" >Sa\u00e7 Ekimi Sonras\u0131 \u0130lk T\u0131ra\u015f Ne Zaman Olmal\u0131d\u0131r?<\/a><\/li><li class='ez-toc-page-1'><a class=\"ez-toc-link ez-toc-heading-3\" href=\"https:\/\/clinista.com\/tr\/sac-ekimi-sonrasi-sac-kesimi\/#Sac_Ekimi_Sonrasi_Makas_ve_Makine_Kullanimi\" >Sa\u00e7 Ekimi Sonras\u0131 Makas ve Makine Kullan\u0131m\u0131<\/a><\/li><\/ul><\/nav><\/div>\n","protected":false},"excerpt":{"rendered":"<p>Sa\u00e7 Ekimi Sonras\u0131 Sa\u00e7 Kesimi Ne Zaman Yap\u0131l\u0131r? (Makas vs Makine) Sa\u00e7 ekim i\u015fleminden sonraki d\u00f6nemde hastalar\u0131n dikkat etmeleri gereken konulardan biri de ilk sa\u00e7 kesiminin zaman\u0131 ve bi\u00e7imidir. San\u0131ld\u0131\u011f\u0131ndan daha ciddi olan bu d\u00f6nemde y\u0131k\u0131c\u0131 sonu\u00e7larla kar\u015f\u0131la\u015fmamak ad\u0131na hastalar\u0131n bilin\u00e7lenmesi ve do\u011fru se\u00e7imler yapmalar\u0131 \u00f6nemlidir. Operasyon sonras\u0131 g\u00f6r\u00fcnt\u00fcn\u00fcn d\u00fczelmesi, sa\u00e7lar\u0131n daha d\u00fczenli g\u00f6r\u00fcnmesi ve [&hellip;]<\/p>\n","protected":false},"author":1,"featured_media":2924,"comment_status":"closed","ping_status":"closed","sticky":false,"template":"","format":"standard","meta":{"_acf_changed":false,"footnotes":""},"categories":[1],"tags":[],"class_list":["post-11401","post","type-post","status-publish","format-standard","has-post-thumbnail","hentry","category-sac-ekimi-makaleleri"],"acf":[],"_links":{"self":[{"href":"https:\/\/clinista.com\/tr\/wp-json\/wp\/v2\/posts\/11401","targetHints":{"allow":["GET"]}}],"collection":[{"href":"https:\/\/clinista.com\/tr\/wp-json\/wp\/v2\/posts"}],"about":[{"href":"https:\/\/clinista.com\/tr\/wp-json\/wp\/v2\/types\/post"}],"author":[{"embeddable":true,"href":"https:\/\/clinista.com\/tr\/wp-json\/wp\/v2\/users\/1"}],"replies":[{"embeddable":true,"href":"https:\/\/clinista.com\/tr\/wp-json\/wp\/v2\/comments?post=11401"}],"version-history":[{"count":0,"href":"https:\/\/clinista.com\/tr\/wp-json\/wp\/v2\/posts\/11401\/revisions"}],"wp:featuredmedia":[{"embeddable":true,"href":"https:\/\/clinista.com\/tr\/wp-json\/wp\/v2\/media\/2924"}],"wp:attachment":[{"href":"https:\/\/clinista.com\/tr\/wp-json\/wp\/v2\/media?parent=11401"}],"wp:term":[{"taxonomy":"category","embeddable":true,"href":"https:\/\/clinista.com\/tr\/wp-json\/wp\/v2\/categories?post=11401"},{"taxonomy":"post_tag","embeddable":true,"href":"https:\/\/clinista.com\/tr\/wp-json\/wp\/v2\/tags?post=11401"}],"curies":[{"name":"wp","href":"https:\/\/api.w.org\/{rel}","templated":true}]}}