{"id":2983,"date":"2023-08-11T17:42:20","date_gmt":"2023-08-11T14:42:20","guid":{"rendered":"https:\/\/clinista.com\/?p=2983"},"modified":"2024-02-18T14:06:10","modified_gmt":"2024-02-18T11:06:10","slug":"yara-izine-sac-ekimi","status":"publish","type":"post","link":"https:\/\/clinista.com\/tr\/yara-izine-sac-ekimi\/","title":{"rendered":"Yara \u0130zine Sa\u00e7 Ekimi"},"content":{"rendered":"<header class=\"header btClear medium btDash bottomDash btAccentDash\">\n<div class=\"btSubTitle\">\n<p>Yara izi sa\u00e7 ekimi, kafa derisine yara veya yan\u0131k izi olan hastalar i\u00e7in bir se\u00e7enektir. \u0130\u015flem, yara izi b\u00f6lgesinden al\u0131nan sa\u00e7 k\u00f6klerinin, sa\u00e7lar\u0131n yeniden b\u00fcy\u00fcmesini sa\u011flamak i\u00e7in yara izine nakledilmesini i\u00e7erir. Yara izi sa\u00e7 ekimi, sa\u00e7s\u0131z alanlar\u0131 doldurman\u0131n ve daha estetik bir g\u00f6r\u00fcn\u00fcm sa\u011flaman\u0131n bir yoludur.<\/p>\n<p>Yara izi sa\u00e7 ekimi, di\u011fer sa\u00e7 ekimi y\u00f6ntemlerine benzer \u015fekilde yap\u0131l\u0131r. Ancak, yara izinin boyutu ve \u015fekline ba\u011fl\u0131 olarak, farkl\u0131 teknikler gerekebilir. \u0130\u015flem genellikle lokal anestezi alt\u0131nda yap\u0131l\u0131r ve birka\u00e7 saat s\u00fcrer.<\/p>\n<p>Yara izi sa\u00e7 ekiminin ard\u0131ndan, hastalar genellikle birka\u00e7 g\u00fcn boyunca hafif a\u011fr\u0131 ve \u015fi\u015flik ya\u015fayabilir. Bu semptomlar genellikle kendili\u011finden ge\u00e7er. Hastalar\u0131n, yara izinin iyile\u015fmesini sa\u011flamak i\u00e7in doktorun talimatlar\u0131n\u0131 takip etmesi \u00f6nemlidir.<\/p>\n<p>Yara izi sa\u00e7 ekimi, genellikle ba\u015far\u0131l\u0131 bir i\u015flemdir. Ancak, her hasta i\u00e7in ayn\u0131 sonu\u00e7lar elde edilemez. Yara izi sa\u00e7 ekimi hakk\u0131nda daha fazla bilgi i\u00e7in, bizimle ileti\u015fime ge\u00e7ebilirsiniz.<\/p>\nThe gallery was not found!\n<p><strong>Yara \u0130zine Sa\u00e7 Ekimi fiyatlar\u0131 hakk\u0131nda detayl\u0131 bilgi almak i\u00e7in <a href=\"tel:+905513877882\">+905513877882<\/a> numaradan veya WhatsApp \u00fczerinden bizimle ileti\u015fime ge\u00e7ebilirsiniz.<\/strong><\/p>\n<\/div>\n<\/header>\n<p><b>Yara izi sa\u00e7 ekimi, a\u015fa\u011f\u0131daki ki\u015filer i\u00e7in bir se\u00e7enek olabilir:<\/b><\/p>\n<ul>\n<li style=\"font-weight: 400;\" aria-level=\"1\"><span style=\"font-weight: 400;\">Kafa derisinde yara veya yan\u0131k izi olan hastalar,<\/span><\/li>\n<li style=\"font-weight: 400;\" aria-level=\"1\"><span style=\"font-weight: 400;\">Sa\u00e7s\u0131z alanlar\u0131 doldurmak isteyen hastalar,<\/span><\/li>\n<li style=\"font-weight: 400;\" aria-level=\"1\"><span style=\"font-weight: 400;\">Do\u011fal bir g\u00f6r\u00fcn\u00fcm elde etmek isteyen hastalar.<\/span><\/li>\n<\/ul>\n<header class=\"header btClear medium btDash bottomDash btAccentDash\">\n<div class=\"dash\"><\/div>\n<\/header>\n<header class=\"header btClear medium btDash bottomDash btAccentDash\">\n<div class=\"btSubTitle\">\n<p><b>Yara izi sa\u00e7 ekimi, a\u015fa\u011f\u0131dakiler dahil olmak \u00fczere baz\u0131 risklere sahiptir:<\/b><\/p>\n<ul>\n<li style=\"font-weight: 400;\" aria-level=\"1\"><span style=\"font-weight: 400;\">Kanama<\/span><\/li>\n<li style=\"font-weight: 400;\" aria-level=\"1\"><span style=\"font-weight: 400;\">Enfeksiyon<\/span><\/li>\n<li style=\"font-weight: 400;\" aria-level=\"1\"><span style=\"font-weight: 400;\">Yara izinin \u015feklinin de\u011fi\u015fmesi<\/span><\/li>\n<li style=\"font-weight: 400;\" aria-level=\"1\"><span style=\"font-weight: 400;\">Sa\u00e7 k\u00f6klerinin yeterince tutmamas\u0131<\/span><\/li>\n<\/ul>\n<p><span style=\"font-weight: 400;\">Yara izi sa\u00e7 ekimi, bir doktor taraf\u0131ndan yap\u0131lmas\u0131 gereken bir i\u015flemdir.<\/span><\/p>\n<h2>Yara \u0130zine Sa\u00e7 Ekimi Fiyatlar\u0131<\/h2>\n<p><span style=\"font-weight: 400;\">Yara izi sa\u00e7 ekiminin fiyat\u0131, ekilecek sa\u00e7 k\u00f6k\u00fc say\u0131s\u0131na, sa\u00e7 ekim tekni\u011fine ve sa\u011fl\u0131k kurulu\u015funa g\u00f6re de\u011fi\u015fmektedir. Yara izi sa\u00e7 ekimi yapt\u0131rmay\u0131 d\u00fc\u015f\u00fcn\u00fcyorsan\u0131z bizimle ileti\u015fime ge\u00e7ebilirsiniz. Yara izi sa\u00e7 ekimi, bir sa\u011fl\u0131k hizmetidir ve bu nedenle sa\u011fl\u0131k kurulu\u015flar\u0131n\u0131n web sitelerinde fiyat vermesi yasakt\u0131r. <\/span><\/p>\n<p><strong><em>Yara izi sa\u00e7 ekimi yapt\u0131rmay\u0131 d\u00fc\u015f\u00fcn\u00fcyorsan\u0131z,detayl\u0131 bilgi almak i\u00e7in <a href=\"tel:+905513877882\">+905513877882<\/a> numaradan,WhatsApp \u00fczerinden veyahut di\u011fer ileti\u015fim kanallar\u0131ndan bizimle ileti\u015fime ge\u00e7ebilirsiniz.<\/em><\/strong><\/p>\n<p>&nbsp;<\/p>\n<p><b><i>\u0130lgili Kanun;<br \/>\n<\/i><\/b><i><span style=\"font-weight: 400;\">T\u00fcrkiye Cumhuriyeti Sa\u011fl\u0131k Bakanl\u0131\u011f\u0131 taraf\u0131ndan \u00e7\u0131kar\u0131lan &#8220;<\/span><\/i><strong><em>Sa\u011fl\u0131k Hizmetleri Fiyatland\u0131rma Y\u00f6netmeli\u011fi<\/em><\/strong><i><span style=\"font-weight: 400;\">&#8220;nde, sa\u011fl\u0131k kurulu\u015flar\u0131n\u0131n web sitelerinde fiyat vermesi yasaklanm\u0131\u015ft\u0131r. Y\u00f6netmeli\u011fin ilgili maddesi \u015f\u00f6yledir:<\/span><\/i><\/p>\n<p><i><span style=\"font-weight: 400;\"><strong>MADDE 7 \u2013 (1)<\/strong> Sa\u011fl\u0131k kurulu\u015flar\u0131, sa\u011fl\u0131k hizmetlerinin fiyatlar\u0131n\u0131, fiyatland\u0131rmaya ili\u015fkin esaslar ve usulleri belirleyen y\u00f6netmelik h\u00fck\u00fcmlerine uygun olarak belirler.<\/span><\/i><\/p>\n<\/div>\n<\/header>\n","protected":false},"excerpt":{"rendered":"<p>Yara izi sa\u00e7 ekimi, kafa derisine yara veya yan\u0131k izi olan hastalar i\u00e7in bir se\u00e7enektir. \u0130\u015flem, yara izi b\u00f6lgesinden al\u0131nan sa\u00e7 k\u00f6klerinin, sa\u00e7lar\u0131n yeniden b\u00fcy\u00fcmesini sa\u011flamak i\u00e7in yara izine nakledilmesini i\u00e7erir. Yara izi sa\u00e7 ekimi, sa\u00e7s\u0131z alanlar\u0131 doldurman\u0131n ve daha estetik bir g\u00f6r\u00fcn\u00fcm sa\u011flaman\u0131n bir yoludur. Yara izi sa\u00e7 ekimi, di\u011fer sa\u00e7 ekimi y\u00f6ntemlerine benzer [&hellip;]<\/p>\n","protected":false},"author":1,"featured_media":2924,"comment_status":"open","ping_status":"open","sticky":false,"template":"","format":"standard","meta":{"_acf_changed":false,"footnotes":""},"categories":[1],"tags":[],"class_list":["post-2983","post","type-post","status-publish","format-standard","has-post-thumbnail","hentry","category-sac-ekimi-makaleleri"],"acf":[],"_links":{"self":[{"href":"https:\/\/clinista.com\/tr\/wp-json\/wp\/v2\/posts\/2983","targetHints":{"allow":["GET"]}}],"collection":[{"href":"https:\/\/clinista.com\/tr\/wp-json\/wp\/v2\/posts"}],"about":[{"href":"https:\/\/clinista.com\/tr\/wp-json\/wp\/v2\/types\/post"}],"author":[{"embeddable":true,"href":"https:\/\/clinista.com\/tr\/wp-json\/wp\/v2\/users\/1"}],"replies":[{"embeddable":true,"href":"https:\/\/clinista.com\/tr\/wp-json\/wp\/v2\/comments?post=2983"}],"version-history":[{"count":0,"href":"https:\/\/clinista.com\/tr\/wp-json\/wp\/v2\/posts\/2983\/revisions"}],"wp:featuredmedia":[{"embeddable":true,"href":"https:\/\/clinista.com\/tr\/wp-json\/wp\/v2\/media\/2924"}],"wp:attachment":[{"href":"https:\/\/clinista.com\/tr\/wp-json\/wp\/v2\/media?parent=2983"}],"wp:term":[{"taxonomy":"category","embeddable":true,"href":"https:\/\/clinista.com\/tr\/wp-json\/wp\/v2\/categories?post=2983"},{"taxonomy":"post_tag","embeddable":true,"href":"https:\/\/clinista.com\/tr\/wp-json\/wp\/v2\/tags?post=2983"}],"curies":[{"name":"wp","href":"https:\/\/api.w.org\/{rel}","templated":true}]}}