{"id":6921,"date":"2021-03-12T21:40:43","date_gmt":"2021-03-12T18:40:43","guid":{"rendered":"https:\/\/clinista.com\/?p=6921"},"modified":"2024-02-18T14:11:11","modified_gmt":"2024-02-18T11:11:11","slug":"sac-ekimi-zararlari-nelerdir","status":"publish","type":"post","link":"https:\/\/clinista.com\/tr\/sac-ekimi-zararlari-nelerdir\/","title":{"rendered":"Sa\u00e7 Ekimi Zararlar\u0131 Nelerdir?"},"content":{"rendered":"<p>\u00d6ncelikle belirtmek istiyoruz ki l\u00fctfen uzman ve bu konularda yetkinli\u011fi olan \u00f6zel yerlerde sa\u00e7 ekim i\u015flemi yapt\u0131r\u0131n\u0131z. \u00c7o\u011fu ki\u015finin korku ve ku\u015fkuyla ara\u015ft\u0131rd\u0131\u011f\u0131 ve bu sorulara cevap arad\u0131\u011f\u0131 o me\u015fhur soru olan Sa\u00e7 Ekimi Zararl\u0131 M\u0131? sorusunu yan\u0131tlamaya ve akl\u0131n\u0131zdaki soru i\u015faretlerini gidermeye \u00e7al\u0131\u015faca\u011f\u0131z. Asl\u0131nda bu korkunun ilk sebebi i\u011fne korkusu ikincisi ise insanlar\u0131n do\u011frulu\u011fu olmayan genel ge\u00e7er yorumlar\u0131. Uzman kadrosu ve deneyimli bir klinikte sorunsuzca ve g\u00fcvenli bir \u015fekilde sa\u00e7 ekimi yapt\u0131r\u0131labilir. Yani do\u011fru ve uzman bir yerde yap\u0131lan sa\u00e7 ekimi zararl\u0131 bir uygulama de\u011fildir. Her g\u00fcn sa\u011fl\u0131k teknolojisinin kendini geli\u015ftirmesi ile <a title=\"Sa\u00e7 Ekimi ve A\u011fr\u0131\" href=\"https:\/\/clinista.com\/sac-ekimi-ve-agri\/\">sa\u00e7 ekimi i\u015flemi ac\u0131s\u0131z<\/a> ve kolay bir \u015fekilde art\u0131k yapt\u0131rmak m\u00fcmk\u00fcnd\u00fcr.<\/p>\n<p>Hastalar\u0131n bilmesi gereken en \u00f6nemli \u015fey sa\u00e7 ekimi ve sonras\u0131nda uzmanlar\u0131n dediklerini birebir uyguland\u0131\u011f\u0131nda takdirde hasta herhangi bir zarar g\u00f6rmeyecektir. Sa\u00e7 ekimi yap\u0131lmadan \u00f6nce yap\u0131lacak olan yerin iyice ara\u015ft\u0131r\u0131lmas\u0131 gerekmektedir.<\/p>\n<p>Sa\u00e7 ekimi do\u011fru endikasyon ve ki\u015fiye \u00f6zel y\u00f6temler ile planlan\u0131rsa g\u00fcvenli bir i\u015flemdir. \u0130\u015flemden \u00f6nce ki\u015finin hastal\u0131k ge\u00e7mi\u015fi, kulland\u0131\u011f\u0131 ila\u00e7lar, daha \u00f6nceden ge\u00e7irdi\u011fi ameliyatlar ve tan\u0131 konmu\u015f kronik rahats\u0131zl\u0131klar bilinmelidir. Bu bilgiler \u0131\u015f\u0131\u011f\u0131nda ya\u015f cinsiyet d\u00f6k\u00fclme tipi gibi endikat\u00f6rler dikkate al\u0131nmal\u0131d\u0131r. T\u00fcm bilgiler \u0131\u015f\u0131\u011f\u0131nda ki\u015fiye \u00f6zel olu\u015fturulan tedavi planlamas\u0131 sa\u00e7 ekimi gibi i\u015flemlerin g\u00fcvenli\u011fi a\u00e7\u0131s\u0131ndan \u00f6nemlidir.<\/p>\n<p>\u0130\u015flem \u00f6ncesi NSAI grubu ila\u00e7lar kullanmak, kan suland\u0131r\u0131c\u0131 kullan\u0131m\u0131, alkol ve sigara kullan\u0131m\u0131 en az 1 hafta \u00f6nceden b\u0131rak\u0131lmal\u0131d\u0131r. Farkl\u0131 ila\u00e7 kullan\u0131mlar\u0131 ise mutlaka bildirilmelidir.<\/p>\n<h2><strong>Sa\u00e7 Ekim Riskleri Zararlar\u0131 Nelerdir?<\/strong><\/h2>\n<ul>\n<li>Uzman olmayan ki\u015filer taraf\u0131ndan yap\u0131lan operasyonlar hasta da ciddi alerjik rahats\u0131zl\u0131klara sebep olmaktad\u0131r.<\/li>\n<li>Sa\u00e7 ekim alan\u0131nda yada don\u00f6r olarak belirlenen k\u0131s\u0131mda \u00f6dem olu\u015fabilir.<\/li>\n<li>Sa\u00e7 ekimi i\u015flemi anestezi ile yap\u0131lan bir operasyon oldu\u011fu i\u00e7in bilin\u00e7sizce yap\u0131lan bir hata sonucunda kal\u0131c\u0131 tahribat ve rahats\u0131zl\u0131klar olu\u015fabilir.<\/li>\n<li>Hasta sa\u00e7 ekimi sonras\u0131nda a\u011fr\u0131lar ya\u015fayabilir.<\/li>\n<li>Operasyon yap\u0131lan alanlarda kanama olabilir. A\u00e7\u0131k yaralardan olu\u015fan bir kanama ciddi bir sorun yaratabilir.<\/li>\n<li>Sa\u00e7 k\u00f6kleri nakil s\u0131ras\u0131nda do\u011fru bir a\u00e7\u0131yla ekilmelidir. Aksi takdirde d\u00fczg\u00fcn olmayan bozuk bir sa\u00e7 yap\u0131s\u0131 meydana gelebilir.<\/li>\n<li>Sa\u00e7 ekiminden sonra uzman tavsiyelerine uymamak ciddi sorunlar te\u015fkil edebilir.<\/li>\n<\/ul>\n","protected":false},"excerpt":{"rendered":"<p>\u00d6ncelikle belirtmek istiyoruz ki l\u00fctfen uzman ve bu konularda yetkinli\u011fi olan \u00f6zel yerlerde sa\u00e7 ekim i\u015flemi yapt\u0131r\u0131n\u0131z. \u00c7o\u011fu ki\u015finin korku ve ku\u015fkuyla ara\u015ft\u0131rd\u0131\u011f\u0131 ve bu sorulara cevap arad\u0131\u011f\u0131 o me\u015fhur soru olan Sa\u00e7 Ekimi Zararl\u0131 M\u0131? sorusunu yan\u0131tlamaya ve akl\u0131n\u0131zdaki soru i\u015faretlerini gidermeye \u00e7al\u0131\u015faca\u011f\u0131z. Asl\u0131nda bu korkunun ilk sebebi i\u011fne korkusu ikincisi ise insanlar\u0131n do\u011frulu\u011fu [&hellip;]<\/p>\n","protected":false},"author":1,"featured_media":2926,"comment_status":"closed","ping_status":"closed","sticky":false,"template":"","format":"standard","meta":{"_acf_changed":false,"footnotes":""},"categories":[1],"tags":[452,455],"class_list":["post-6921","post","type-post","status-publish","format-standard","has-post-thumbnail","hentry","category-sac-ekimi-makaleleri","tag-sac-ekimi-zararlari","tag-sac-ekimi-zararlari-nelerdir"],"acf":[],"_links":{"self":[{"href":"https:\/\/clinista.com\/tr\/wp-json\/wp\/v2\/posts\/6921","targetHints":{"allow":["GET"]}}],"collection":[{"href":"https:\/\/clinista.com\/tr\/wp-json\/wp\/v2\/posts"}],"about":[{"href":"https:\/\/clinista.com\/tr\/wp-json\/wp\/v2\/types\/post"}],"author":[{"embeddable":true,"href":"https:\/\/clinista.com\/tr\/wp-json\/wp\/v2\/users\/1"}],"replies":[{"embeddable":true,"href":"https:\/\/clinista.com\/tr\/wp-json\/wp\/v2\/comments?post=6921"}],"version-history":[{"count":0,"href":"https:\/\/clinista.com\/tr\/wp-json\/wp\/v2\/posts\/6921\/revisions"}],"wp:featuredmedia":[{"embeddable":true,"href":"https:\/\/clinista.com\/tr\/wp-json\/wp\/v2\/media\/2926"}],"wp:attachment":[{"href":"https:\/\/clinista.com\/tr\/wp-json\/wp\/v2\/media?parent=6921"}],"wp:term":[{"taxonomy":"category","embeddable":true,"href":"https:\/\/clinista.com\/tr\/wp-json\/wp\/v2\/categories?post=6921"},{"taxonomy":"post_tag","embeddable":true,"href":"https:\/\/clinista.com\/tr\/wp-json\/wp\/v2\/tags?post=6921"}],"curies":[{"name":"wp","href":"https:\/\/api.w.org\/{rel}","templated":true}]}}