{"id":9257,"date":"2024-01-23T11:34:47","date_gmt":"2024-01-23T08:34:47","guid":{"rendered":"https:\/\/clinista.com\/?p=9257"},"modified":"2025-08-14T14:37:17","modified_gmt":"2025-08-14T11:37:17","slug":"sac-ekiminde-seans-araliklari","status":"publish","type":"post","link":"https:\/\/clinista.com\/tr\/sac-ekiminde-seans-araliklari\/","title":{"rendered":"Sa\u00e7 Ekiminde Seans Aral\u0131klar\u0131"},"content":{"rendered":"<h1><span class=\"ez-toc-section\" id=\"Sac_Ekiminde_Seans_Araliklari_Ikinci_Operasyon_Ne_Zaman_Yapilir\"><\/span><strong>Sa\u00e7 Ekiminde Seans Aral\u0131klar\u0131: \u0130kinci Operasyon Ne Zaman Yap\u0131l\u0131r?<\/strong><span class=\"ez-toc-section-end\"><\/span><\/h1>\n<p>Ki\u015filer sa\u00e7 d\u00f6k\u00fclmesi sorunlar\u0131yla farkl\u0131 ya\u015flarda kar\u015f\u0131la\u015fabilmekte ve bu sorunun \u00e7\u00f6z\u00fcm\u00fc i\u00e7in <strong>sa\u00e7 ekiminde seans aral\u0131klar\u0131<\/strong> gibi konular\u0131 merak etmektedir. Sa\u00e7 d\u00f6k\u00fclmesi erkeklerde \u00e7o\u011funlukla 20\u2019li ya\u015flarda ba\u015flayabilir ve d\u00f6k\u00fclmenin ilerlemesi durana kadar Norwood skalas\u0131na g\u00f6re belirli paternler olu\u015fur. Bu paternler, sa\u00e7 ekimi planlamas\u0131nda b\u00fcy\u00fck \u00f6nem ta\u015f\u0131r. Do\u011fru zamanlama ve do\u011fru seans plan\u0131, hem estetik g\u00f6r\u00fcn\u00fcm hem de don\u00f6r b\u00f6lge sa\u011fl\u0131\u011f\u0131 a\u00e7\u0131s\u0131ndan kritik \u00f6neme sahiptir.<\/p>\n<p>\u00d6zellikle erken ya\u015flarda ba\u015flayan ve ileri d\u00fczey seyreden d\u00f6k\u00fclmelerde tek seans sa\u00e7 ekimi, istenilen s\u0131kl\u0131\u011f\u0131 yaratmakta yeterli olmayabilir. Bu nedenle orta ve uzun vadede 2. veya 3. seans sa\u00e7 ekimi planlamas\u0131 gerekebilir. Seans aral\u0131klar\u0131n\u0131n do\u011fru belirlenmesi, hem ekim yap\u0131lan b\u00f6lgenin iyile\u015fmesi hem de don\u00f6r b\u00f6lgenin yeniden g\u00fc\u00e7lenmesi a\u00e7\u0131s\u0131ndan gereklidir.<\/p>\n<h2><span class=\"ez-toc-section\" id=\"20%E2%80%9330_Yas_Arasi_Erkeklerde_Sac_Ekimi_Seans_Planlamasi\"><\/span><strong>20\u201330 Ya\u015f Aras\u0131 Erkeklerde Sa\u00e7 Ekimi Seans Planlamas\u0131<\/strong><span class=\"ez-toc-section-end\"><\/span><\/h2>\n<p>\u015eakak b\u00f6lgelerinden ba\u015flayan sa\u00e7 d\u00f6k\u00fclmelerinde hedef; sa\u00e7 \u00e7izgisinin g\u00fc\u00e7lendirilmesi, orta b\u00f6lgenin s\u0131kla\u015ft\u0131r\u0131lmas\u0131 ve \u015fakaklar\u0131n doldurulmas\u0131 \u015feklinde olmal\u0131d\u0131r. E\u011fer tepe b\u00f6lgesinde de seyreklik varsa, bu b\u00f6lgeye y\u00f6nelik tedaviler planlanmal\u0131 ve uzun vadede 2. seans sa\u00e7 ekimi se\u00e7ene\u011fi de\u011ferlendirilmelidir.<\/p>\n<p>Bu ya\u015f grubunda d\u00f6k\u00fclme h\u00e2len dinamik oldu\u011fu i\u00e7in, don\u00f6r b\u00f6lge rezervinin tamam\u0131 ilk seansta kullan\u0131lmamal\u0131 ve ikinci seans i\u00e7in belirli bir miktar ayr\u0131lmal\u0131d\u0131r. B\u00f6ylece ileride olu\u015fabilecek yeni a\u00e7\u0131kl\u0131klar da g\u00fcvenle kapat\u0131labilir.<\/p>\n<h2><span class=\"ez-toc-section\" id=\"30%E2%80%9340_Yas_Arasi_Erkeklerde_Sac_Ekimi_Seans_Planlamasi\"><\/span><strong>30\u201340 Ya\u015f Aras\u0131 Erkeklerde Sa\u00e7 Ekimi Seans Planlamas\u0131<\/strong><span class=\"ez-toc-section-end\"><\/span><\/h2>\n<p>Bu ya\u015flarda sa\u00e7 d\u00f6k\u00fclmesi genellikle daha belirgin h\u00e2le gelmi\u015ftir. D\u00f6k\u00fclme tipine g\u00f6re hem \u015fakak hem de tepe b\u00f6lgelerine ayn\u0131 seansta i\u015flem yap\u0131labilir. Ancak sa\u00e7lar\u0131n minyat\u00fcrle\u015fti\u011fi ve yava\u015f uzad\u0131\u011f\u0131 b\u00f6lgelerde d\u00f6k\u00fclmenin h\u00e2len aktif olabilece\u011fi unutulmamal\u0131d\u0131r. Bu durumda ekim plan\u0131, ileride yap\u0131labilecek ek seanslar d\u00fc\u015f\u00fcn\u00fclerek haz\u0131rlanmal\u0131d\u0131r.<\/p>\n<h2><span class=\"ez-toc-section\" id=\"40_Yas_Ustu_Erkeklerde_Sac_Ekimi_Planlamasi\"><\/span><strong>40 Ya\u015f \u00dcst\u00fc Erkeklerde Sa\u00e7 Ekimi Planlamas\u0131<\/strong><span class=\"ez-toc-section-end\"><\/span><\/h2>\n<p>40 ya\u015f \u00fcst\u00fcnde, e\u015flik eden ba\u015fka hastal\u0131klar yoksa sa\u00e7 d\u00f6k\u00fclmesinin b\u00fcy\u00fck \u00f6l\u00e7\u00fcde dura\u011fanla\u015fmas\u0131 beklenir. S\u0131n\u0131rlar\u0131 belirginle\u015fmi\u015f kellik alanlar\u0131, patern tipine g\u00f6re planlan\u0131r. E\u011fer kellik geni\u015fse, alan\u0131n iki seansta kapat\u0131lmas\u0131 mant\u0131kl\u0131 bir se\u00e7enek olabilir.<\/p>\n<h2><span class=\"ez-toc-section\" id=\"Neden_2_Seans_Sac_Ekimi_Gerekebilir\"><\/span><strong>Neden 2 Seans Sa\u00e7 Ekimi Gerekebilir?<\/strong><span class=\"ez-toc-section-end\"><\/span><\/h2>\n<p>Bir\u00e7ok hasta, maddi nedenlerle ve s\u00fcreci tek seferde atlatmak amac\u0131yla tek seansta t\u00fcm kel alan\u0131n kapat\u0131lmas\u0131n\u0131 talep eder. Ancak \u00f6zellikle geni\u015f kelliklerde tek seansla y\u00fcksek yo\u011funluk elde etmek \u00e7o\u011fu zaman m\u00fcmk\u00fcn de\u011fildir.<\/p>\n<p>Don\u00f6r b\u00f6lgeden tek seansta \u00e7ok fazla sa\u00e7 k\u00f6k\u00fc al\u0131nmaya \u00e7al\u0131\u015f\u0131ld\u0131\u011f\u0131nda, <strong>lokalize kellikler<\/strong> veya \u201c<strong>g\u00fcve yemi\u015f<\/strong>\u201d g\u00f6r\u00fcn\u00fcm\u00fc olu\u015fabilir. Bu g\u00f6r\u00fcnt\u00fc geri d\u00f6n\u00fc\u015fs\u00fczd\u00fcr ve estetik a\u00e7\u0131dan rahats\u0131z edicidir. Ayr\u0131ca, ilk seansta elde edilen greftlerin t\u00fcm kel alana seyrek \u015fekilde da\u011f\u0131t\u0131lmas\u0131 da do\u011fal olmayan bir g\u00f6r\u00fcn\u00fcm yaratabilir.<\/p>\n<p>Bu nedenle sa\u00e7 ekiminde seans aral\u0131klar\u0131 planlan\u0131rken, hastaya 2. veya 3. seans ihtimali a\u00e7\u0131k\u00e7a anlat\u0131lmal\u0131 ve beklentiler ger\u00e7ek\u00e7i \u015fekilde belirlenmelidir.<\/p>\n<h2><span class=\"ez-toc-section\" id=\"Sac_Ekimi_Seans_Araliklari_Ne_Kadar_Olmali\"><\/span><strong>Sa\u00e7 Ekimi Seans Aral\u0131klar\u0131 Ne Kadar Olmal\u0131?<\/strong><span class=\"ez-toc-section-end\"><\/span><\/h2>\n<p>Genellikle sa\u00e7 ekimi seanslar\u0131 aras\u0131nda <strong>12\u201315 ay<\/strong> beklemek idealdir. Bu s\u00fcre, hem ekim yap\u0131lan b\u00f6lgede sa\u00e7lar\u0131n tam olarak uzamas\u0131 hem de cilt alt\u0131ndaki yara dokusunun iyile\u015fmesi i\u00e7in gereklidir. Erken yap\u0131lan ekimler, hem don\u00f6r hem de ekim yap\u0131lan b\u00f6lgede komplikasyon riskini art\u0131rabilir.<\/p>\n<h2><span class=\"ez-toc-section\" id=\"Sonuc_ve_Oneriler\"><\/span><strong>Sonu\u00e7 ve \u00d6neriler<\/strong><span class=\"ez-toc-section-end\"><\/span><\/h2>\n<p><strong>Sa\u00e7 ekiminde seans aral\u0131klar\u0131<\/strong> ki\u015fiden ki\u015fiye de\u011fi\u015fse de, do\u011fru planlama ile hem estetik hem de kal\u0131c\u0131 sonu\u00e7lar elde etmek m\u00fcmk\u00fcnd\u00fcr. Ya\u015f, d\u00f6k\u00fclme tipi, don\u00f6r b\u00f6lge kalitesi ve hastan\u0131n beklentileri bu planlamada temel kriterlerdir. Geni\u015f alanlarda tek seansta yo\u011funluk hayali ger\u00e7ek\u00e7i de\u011fildir; do\u011fru zamanda yap\u0131lacak ikinci veya \u00fc\u00e7\u00fcnc\u00fc seanslar, daha do\u011fal ve tatmin edici bir sonu\u00e7 sa\u011flar.<\/p>\n<p>Daha fazla bilgi ve \u00fccretsiz \u00f6n de\u011ferlendirme i\u00e7in <a href=\"https:\/\/clinista.com\/iletisim\/\">ileti\u015fim sayfam\u0131zdan<\/a> bize ula\u015fabilirsiniz.<\/p>\n<div id=\"ez-toc-container\" class=\"ez-toc-v2_0_78 counter-flat ez-toc-counter ez-toc-grey ez-toc-container-direction\">\n<div class=\"ez-toc-title-container\">\n<p class=\"ez-toc-title\" style=\"cursor:inherit\">\u0130\u00e7indekiler (Contents)<\/p>\n<span class=\"ez-toc-title-toggle\"><a href=\"#\" class=\"ez-toc-pull-right ez-toc-btn ez-toc-btn-xs ez-toc-btn-default ez-toc-toggle\" aria-label=\"Toggle Table of Content\"><span class=\"ez-toc-js-icon-con\"><span class=\"\"><span class=\"eztoc-hide\" style=\"display:none;\">Toggle<\/span><span class=\"ez-toc-icon-toggle-span\"><svg style=\"fill: #000000;color:#000000\" xmlns=\"http:\/\/www.w3.org\/2000\/svg\" class=\"list-377408\" width=\"20px\" height=\"20px\" viewBox=\"0 0 24 24\" fill=\"none\"><path d=\"M6 6H4v2h2V6zm14 0H8v2h12V6zM4 11h2v2H4v-2zm16 0H8v2h12v-2zM4 16h2v2H4v-2zm16 0H8v2h12v-2z\" fill=\"currentColor\"><\/path><\/svg><svg style=\"fill: #000000;color:#000000\" class=\"arrow-unsorted-368013\" xmlns=\"http:\/\/www.w3.org\/2000\/svg\" width=\"10px\" height=\"10px\" viewBox=\"0 0 24 24\" version=\"1.2\" baseProfile=\"tiny\"><path d=\"M18.2 9.3l-6.2-6.3-6.2 6.3c-.2.2-.3.4-.3.7s.1.5.3.7c.2.2.4.3.7.3h11c.3 0 .5-.1.7-.3.2-.2.3-.5.3-.7s-.1-.5-.3-.7zM5.8 14.7l6.2 6.3 6.2-6.3c.2-.2.3-.5.3-.7s-.1-.5-.3-.7c-.2-.2-.4-.3-.7-.3h-11c-.3 0-.5.1-.7.3-.2.2-.3.5-.3.7s.1.5.3.7z\"\/><\/svg><\/span><\/span><\/span><\/a><\/span><\/div>\n<nav><ul class='ez-toc-list ez-toc-list-level-1 ' ><li class='ez-toc-page-1'><a class=\"ez-toc-link ez-toc-heading-1\" href=\"https:\/\/clinista.com\/tr\/sac-ekiminde-seans-araliklari\/#Sac_Ekiminde_Seans_Araliklari_Ikinci_Operasyon_Ne_Zaman_Yapilir\" >Sa\u00e7 Ekiminde Seans Aral\u0131klar\u0131: \u0130kinci Operasyon Ne Zaman Yap\u0131l\u0131r?<\/a><\/li><li class='ez-toc-page-1'><a class=\"ez-toc-link ez-toc-heading-2\" href=\"https:\/\/clinista.com\/tr\/sac-ekiminde-seans-araliklari\/#20%E2%80%9330_Yas_Arasi_Erkeklerde_Sac_Ekimi_Seans_Planlamasi\" >20\u201330 Ya\u015f Aras\u0131 Erkeklerde Sa\u00e7 Ekimi Seans Planlamas\u0131<\/a><\/li><li class='ez-toc-page-1'><a class=\"ez-toc-link ez-toc-heading-3\" href=\"https:\/\/clinista.com\/tr\/sac-ekiminde-seans-araliklari\/#30%E2%80%9340_Yas_Arasi_Erkeklerde_Sac_Ekimi_Seans_Planlamasi\" >30\u201340 Ya\u015f Aras\u0131 Erkeklerde Sa\u00e7 Ekimi Seans Planlamas\u0131<\/a><\/li><li class='ez-toc-page-1'><a class=\"ez-toc-link ez-toc-heading-4\" href=\"https:\/\/clinista.com\/tr\/sac-ekiminde-seans-araliklari\/#40_Yas_Ustu_Erkeklerde_Sac_Ekimi_Planlamasi\" >40 Ya\u015f \u00dcst\u00fc Erkeklerde Sa\u00e7 Ekimi Planlamas\u0131<\/a><\/li><li class='ez-toc-page-1'><a class=\"ez-toc-link ez-toc-heading-5\" href=\"https:\/\/clinista.com\/tr\/sac-ekiminde-seans-araliklari\/#Neden_2_Seans_Sac_Ekimi_Gerekebilir\" >Neden 2 Seans Sa\u00e7 Ekimi Gerekebilir?<\/a><\/li><li class='ez-toc-page-1'><a class=\"ez-toc-link ez-toc-heading-6\" href=\"https:\/\/clinista.com\/tr\/sac-ekiminde-seans-araliklari\/#Sac_Ekimi_Seans_Araliklari_Ne_Kadar_Olmali\" >Sa\u00e7 Ekimi Seans Aral\u0131klar\u0131 Ne Kadar Olmal\u0131?<\/a><\/li><li class='ez-toc-page-1'><a class=\"ez-toc-link ez-toc-heading-7\" href=\"https:\/\/clinista.com\/tr\/sac-ekiminde-seans-araliklari\/#Sonuc_ve_Oneriler\" >Sonu\u00e7 ve \u00d6neriler<\/a><\/li><\/ul><\/nav><\/div>\n","protected":false},"excerpt":{"rendered":"<p>Sa\u00e7 Ekiminde Seans Aral\u0131klar\u0131: \u0130kinci Operasyon Ne Zaman Yap\u0131l\u0131r? Ki\u015filer sa\u00e7 d\u00f6k\u00fclmesi sorunlar\u0131yla farkl\u0131 ya\u015flarda kar\u015f\u0131la\u015fabilmekte ve bu sorunun \u00e7\u00f6z\u00fcm\u00fc i\u00e7in sa\u00e7 ekiminde seans aral\u0131klar\u0131 gibi konular\u0131 merak etmektedir. Sa\u00e7 d\u00f6k\u00fclmesi erkeklerde \u00e7o\u011funlukla 20\u2019li ya\u015flarda ba\u015flayabilir ve d\u00f6k\u00fclmenin ilerlemesi durana kadar Norwood skalas\u0131na g\u00f6re belirli paternler olu\u015fur. Bu paternler, sa\u00e7 ekimi planlamas\u0131nda b\u00fcy\u00fck \u00f6nem ta\u015f\u0131r. [&hellip;]<\/p>\n","protected":false},"author":1,"featured_media":2924,"comment_status":"closed","ping_status":"closed","sticky":false,"template":"","format":"standard","meta":{"_acf_changed":false,"footnotes":""},"categories":[1],"tags":[],"class_list":["post-9257","post","type-post","status-publish","format-standard","has-post-thumbnail","hentry","category-sac-ekimi-makaleleri"],"acf":[],"_links":{"self":[{"href":"https:\/\/clinista.com\/tr\/wp-json\/wp\/v2\/posts\/9257","targetHints":{"allow":["GET"]}}],"collection":[{"href":"https:\/\/clinista.com\/tr\/wp-json\/wp\/v2\/posts"}],"about":[{"href":"https:\/\/clinista.com\/tr\/wp-json\/wp\/v2\/types\/post"}],"author":[{"embeddable":true,"href":"https:\/\/clinista.com\/tr\/wp-json\/wp\/v2\/users\/1"}],"replies":[{"embeddable":true,"href":"https:\/\/clinista.com\/tr\/wp-json\/wp\/v2\/comments?post=9257"}],"version-history":[{"count":0,"href":"https:\/\/clinista.com\/tr\/wp-json\/wp\/v2\/posts\/9257\/revisions"}],"wp:featuredmedia":[{"embeddable":true,"href":"https:\/\/clinista.com\/tr\/wp-json\/wp\/v2\/media\/2924"}],"wp:attachment":[{"href":"https:\/\/clinista.com\/tr\/wp-json\/wp\/v2\/media?parent=9257"}],"wp:term":[{"taxonomy":"category","embeddable":true,"href":"https:\/\/clinista.com\/tr\/wp-json\/wp\/v2\/categories?post=9257"},{"taxonomy":"post_tag","embeddable":true,"href":"https:\/\/clinista.com\/tr\/wp-json\/wp\/v2\/tags?post=9257"}],"curies":[{"name":"wp","href":"https:\/\/api.w.org\/{rel}","templated":true}]}}